{"id":28307,"date":"2023-03-07T14:39:18","date_gmt":"2023-03-07T14:39:18","guid":{"rendered":"https:\/\/www.iplangestion.com\/?p=28307"},"modified":"2023-03-27T23:28:48","modified_gmt":"2023-03-27T23:28:48","slug":"donat-veu-a-la-dona-avui-dema-i-sempre","status":"publish","type":"post","link":"https:\/\/iplangestion.com\/ca\/donat-veu-a-la-dona-avui-dema-i-sempre\/","title":{"rendered":"DONAT VEU A LA DONA AVUI, DEM\u00c0 I SEMPRE"},"content":{"rendered":"\n<p>El Dia Internacional de la Dona \u00e9s una oportunitat per a reflexionar sobre la lluita per la igualtat de g\u00e8nere.<\/p>\n\n\n\n<p>Al llarg de la hist\u00f2ria, el paper de la dona en l&#8217;\u00e0mbit laboral ha sofert molta desigualtat respecte al g\u00e8nere mascul\u00ed, sobretot en aquelles \u00e0rees de treball on la pres\u00e8ncia de la dona ha estat escassa, en alguns casos a causa de la discriminaci\u00f3 per ra\u00f3 de sexe i en uns altres, pels estereotips de g\u00e8nere, com s\u2019ha donat en el sector de l&#8217;enginyeria. No obstant aix\u00f2, a mesura que les societats han evolucionat, s&#8217;han anat eliminant les barreres de g\u00e8nere i les desigualtats laborals han anat millorant.<\/p>\n\n\n\n<p>Per\u00f2 la realitat \u00e9s que encara existeixen situacions de desigualtat, per aquest motiu \u00e9s important plantejar com podem fomentar la igualtat d&#8217;oportunitats en l&#8217;\u00e0mbit del treball, sobretot en aquells sectors dominats per homes, per a poder acompanyar a les dones a l\u2019\u00e8xit laboral.<\/p>\n\n\n\n<p>Iplan ha lluitat des dels seus inicis contra les desigualtats oferint en tot moment condicions laborals i oportunitats equitatives a totes les persones, independentment del seu g\u00e8nere i condici\u00f3. Actualment, comptem amb 144 dones en el nostre equip, la qual cosa representa el 37% de la nostra plantilla en un sector tradicionalment ocupat per homes: l&#8217;enginyeria.<\/p>\n\n\n\n<p>Avui, 8 de mar\u00e7, volem celebrar el Dia Internacional de la Dona cedint la paraula al nostre personal femen\u00ed. Hem seleccionat quatre dones amb una activitat professional diferent, per\u00f2 amb les mateixes oportunitats, perqu\u00e8 puguin explicar-nos la seva pr\u00f2pia experi\u00e8ncia.<\/p>\n\n\n\n<p><strong>Vanessa, Administrativa del Departament d&#8217;Enginyeria El\u00e8ctrica<\/strong><\/p>\n\n\n\n<p><strong style=\"\n    color: gray!important;\n    font-size: 16px;\n\">Quina ha estat la teva experi\u00e8ncia com a dona al llarg de la teva carrera professional?<\/strong><\/p>\n\n\n\n<p>En la meva experi\u00e8ncia professional, afortunadament, no he trobat obstacles per a desenvolupar el meu treball per ser dona.<\/p>\n\n\n\n<p>He procurat treballar en llocs on respectessin el meu treball i valoressin el que podia aportar sense que influenci\u00e9s el meu g\u00e8nere, on he compartit el meu cam\u00ed professional amb persones amb les quals he madurat i gaudit i que avui dia mantinc el contacte.<\/p>\n\n\n\n<p>Quan he sentit que una etapa laboral no em satisfeia emocional o econ\u00f2micament, he lluitat per a ampliar els meus coneixements per a poder exercir noves tasques.<\/p>\n\n\n\n<p><strong style=\"\n    color: gray!important;\n    font-size: 16px;\n\">Quin consell donaries a les dones que volen comen\u00e7ar uns estudis on predomina el g\u00e8nere mascul\u00ed?&nbsp;<\/strong><\/p>\n\n\n\n<p>\u201cEl meu consell seria com una llei de vida i creixement personal que es pot aplicar en tots els estudis i treballs:<\/p>\n\n\n\n<p><em>En la vida no cal posar-se limitis, som totalment capaces de realitzar all\u00f2 que ens proposem, amb m\u00e9s o menys esfor\u00e7. El principal \u00e9s saber on vols arribar, no importa que siguis home o dona, nom\u00e9s importa el que tu vulguis aconseguir i et faci feli\u00e7. Tu ets qui dibuixa el teu propi cam\u00ed i qui posa data de caducitat als teus prop\u00f2sits.\u201d<\/em><\/p>\n\n\n\n<p><strong>Quima, Coordinadora de Delineaci\u00f3 del Departament d&#8217;Enginyeria El\u00e8ctrica<\/strong><\/p>\n\n\n\n<p><strong style=\"\n    color: gray!important;\n    font-size: 16px;\n\">T&#8217;has sentit amb les mateixes oportunitats laborals que els homes dins d\u2019Iplan?&nbsp;<\/strong><\/p>\n\n\n\n<p>\u201cSi, mai he sentit que la meva condici\u00f3 de dona influ\u00eds en el meu treball i les oportunitats dins de l&#8217;empresa. Ho sento realment aix\u00ed, tenint en compte que, en altres empreses on vaig treballar anteriorment, si em vaig trobar en situacions en qu\u00e8 on no podia fer uns certs treballs per ser dona.\u201d<\/p>\n\n\n\n<p><strong style=\"\n    color: gray!important;\n    font-size: 16px;\n\">Reconeixes un equilibri entre vida personal i treball dins de l&#8217;empresa?&nbsp;<\/strong><\/p>\n\n\n\n<p>\u201cAbans de la pand\u00e8mia era m\u00e9s complicat, per la dist\u00e0ncia entre el treball i la meva casa. Ara, amb la possibilitat de realitzar teletreball, puc compaginar molt millor la meva vida personal.\u201d<\/p>\n\n\n\n<p><strong>Elena, Responsable de l&#8217;\u00c0rea de Permisos i Expropiacions del Departament de Legalitzacions<\/strong><\/p>\n\n\n\n<p><strong style=\"\n    color: gray!important;\n    font-size: 16px;\n\">Com et sents amb un c\u00e0rrec de responsabilitat sent dona?&nbsp;<\/strong><\/p>\n\n\n\n<p>\u201cEm sento bastant orgullosa perqu\u00e8 porto bastants anys exercint com a t\u00e8cnica en aquesta professi\u00f3, veient com els meus companys aconseguien millorar en anteriors treballs i veient que no hi havia oportunitat per a mi. No obstant aix\u00f2, per circumst\u00e0ncies personals, vaig decidir buscar el meu propi cam\u00ed i ara estic encantada i molt motivada, perqu\u00e8 no sols continuo exercint el meu treball amb total professionalitat, sin\u00f3 que soc la responsable de gestionar un equip bon\u00edssim que ho fa tot molt f\u00e0cil.<\/p>\n\n\n\n<p>Aix\u00ed mateix, haig de dir que puc compaginar maternitat i responsabilitats en el desenvolupament de la meva professi\u00f3 gr\u00e0cies a una organitzaci\u00f3 laboral que ho facilita i fa possible aquesta combinaci\u00f3, impensable no fa molt temps.\u201d<\/p>\n\n\n\n<p><strong style=\"\n    color: gray!important;\n    font-size: 16px;\n\">Notes diferencies en el tracte que mantens amb els diferents integrants del teu equip segons el seu g\u00e8nere?&nbsp;<\/strong><\/p>\n\n\n\n<p>\u201cEn moltes ocasions he arribat a notar aquesta difer\u00e8ncia en altres experi\u00e8ncies laborals. Per\u00f2 amb el meu equip actual, aquesta desigualtat no es dona, cosa que significa una gran evoluci\u00f3 per a la igualtat de g\u00e8nere.\u201d<\/p>\n\n\n\n<p><strong>Oliva, Supervisora del Departament d&#8217;Enginyeria Ambiental<\/strong><\/p>\n\n\n\n<p><strong style=\"\n    color: gray!important;\n    font-size: 16px;\n\">Quants anys portes treballant en el sector de l&#8217;enginyeria? Has vist un canvi significatiu en el nombre d&#8217;enginyeres que treballen en el sector?&nbsp;<\/strong><\/p>\n\n\n\n<p>\u201cEn el sector de l&#8217;enginyeria porto treballant m\u00e9s de 20 anys, on he vist una millora significativa amb un augment de pres\u00e8ncia femenina en el sector que evidencien el canvi de tend\u00e8ncia, independentment de la branca de l&#8217;enginyeria a la qual es pertanyi. \u00c9s q\u00fcesti\u00f3 de temps aconseguir que les dones trenquem el sostre de cristall.\u201d<\/p>\n\n\n\n<p><strong style=\"\n    color: gray!important;\n    font-size: 16px;\n\">Quina \u00e9s la teva opini\u00f3 sobre el futur de la igualtat de g\u00e8nere en el teu sector?&nbsp;<\/strong><\/p>\n\n\n\n<p>\u201cRecordo els meus primers anys com a responsable de projectes i la duresa amb la qual havia de comportar-me davant de tercers, per\u00f2 actualment, no fa falta generar aquesta imatge perqu\u00e8 se&#8217;t respecti a l\u2019obra. \u00c9s evident que el futur ens ofereix nous reptes, per\u00f2 gr\u00e0cies a les noves directrius legals i als moviments socials generats en els \u00faltims anys, considero que estem en cam\u00ed d&#8217;aconseguir-la.\u201d<\/p>\n","protected":false},"excerpt":{"rendered":"<p>El Dia Internacional de la Dona \u00e9s una oportunitat per a reflexionar sobre la lluita per la igualtat de g\u00e8nere.<\/p>\n","protected":false},"author":232,"featured_media":28397,"comment_status":"open","ping_status":"open","sticky":false,"template":"","format":"standard","meta":{"footnotes":""},"categories":[153],"tags":[],"class_list":["post-28307","post","type-post","status-publish","format-standard","has-post-thumbnail","hentry","category-premsa"],"yoast_head":"<!-- This site is optimized with the Yoast SEO plugin v26.8 - https:\/\/yoast.com\/product\/yoast-seo-wordpress\/ -->\n<title>DONAT VEU A LA DONA AVUI, DEM\u00c0 I SEMPRE - iPlan Gesti\u00f3n Integral S.L.<\/title>\n<meta name=\"robots\" content=\"index, follow, max-snippet:-1, max-image-preview:large, max-video-preview:-1\" \/>\n<link rel=\"canonical\" href=\"https:\/\/iplangestion.com\/ca\/donat-veu-a-la-dona-avui-dema-i-sempre\/\" \/>\n<meta property=\"og:locale\" content=\"ca_ES\" \/>\n<meta property=\"og:type\" content=\"article\" \/>\n<meta property=\"og:title\" content=\"DONAT VEU A LA DONA AVUI, DEM\u00c0 I SEMPRE - iPlan Gesti\u00f3n Integral S.L.\" \/>\n<meta property=\"og:description\" content=\"El Dia Internacional de la Dona \u00e9s una oportunitat per a reflexionar sobre la lluita per la igualtat de g\u00e8nere.\" \/>\n<meta property=\"og:url\" content=\"https:\/\/iplangestion.com\/ca\/donat-veu-a-la-dona-avui-dema-i-sempre\/\" \/>\n<meta property=\"og:site_name\" content=\"iPlan Gesti\u00f3n Integral S.L.\" \/>\n<meta property=\"article:published_time\" content=\"2023-03-07T14:39:18+00:00\" \/>\n<meta property=\"article:modified_time\" content=\"2023-03-27T23:28:48+00:00\" \/>\n<meta property=\"og:image\" content=\"https:\/\/iplangestion.com\/wp-content\/uploads\/mujer-8m-cat.jpg\" \/>\n\t<meta property=\"og:image:width\" content=\"1300\" \/>\n\t<meta property=\"og:image:height\" content=\"709\" \/>\n\t<meta property=\"og:image:type\" content=\"image\/jpeg\" \/>\n<meta name=\"author\" content=\"maria alejandra hoffmann\" \/>\n<meta name=\"twitter:card\" content=\"summary_large_image\" \/>\n<meta name=\"twitter:label1\" content=\"Written by\" \/>\n\t<meta name=\"twitter:data1\" content=\"maria alejandra hoffmann\" \/>\n\t<meta name=\"twitter:label2\" content=\"Est. reading time\" \/>\n\t<meta name=\"twitter:data2\" content=\"5 minutes\" \/>\n<script type=\"application\/ld+json\" class=\"yoast-schema-graph\">{\"@context\":\"https:\/\/schema.org\",\"@graph\":[{\"@type\":\"Article\",\"@id\":\"https:\/\/iplangestion.com\/ca\/donat-veu-a-la-dona-avui-dema-i-sempre\/#article\",\"isPartOf\":{\"@id\":\"https:\/\/iplangestion.com\/ca\/donat-veu-a-la-dona-avui-dema-i-sempre\/\"},\"author\":{\"name\":\"maria alejandra hoffmann\",\"@id\":\"https:\/\/iplangestion.com\/#\/schema\/person\/bea550dc88957d9acbc61e21493d3753\"},\"headline\":\"DONAT VEU A LA DONA AVUI, DEM\u00c0 I SEMPRE\",\"datePublished\":\"2023-03-07T14:39:18+00:00\",\"dateModified\":\"2023-03-27T23:28:48+00:00\",\"mainEntityOfPage\":{\"@id\":\"https:\/\/iplangestion.com\/ca\/donat-veu-a-la-dona-avui-dema-i-sempre\/\"},\"wordCount\":1000,\"commentCount\":0,\"image\":{\"@id\":\"https:\/\/iplangestion.com\/ca\/donat-veu-a-la-dona-avui-dema-i-sempre\/#primaryimage\"},\"thumbnailUrl\":\"https:\/\/iplangestion.com\/wp-content\/uploads\/mujer-8m-cat.jpg\",\"articleSection\":[\"Premsa\"],\"inLanguage\":\"ca\",\"potentialAction\":[{\"@type\":\"CommentAction\",\"name\":\"Comment\",\"target\":[\"https:\/\/iplangestion.com\/ca\/donat-veu-a-la-dona-avui-dema-i-sempre\/#respond\"]}]},{\"@type\":\"WebPage\",\"@id\":\"https:\/\/iplangestion.com\/ca\/donat-veu-a-la-dona-avui-dema-i-sempre\/\",\"url\":\"https:\/\/iplangestion.com\/ca\/donat-veu-a-la-dona-avui-dema-i-sempre\/\",\"name\":\"DONAT VEU A LA DONA AVUI, DEM\u00c0 I SEMPRE - iPlan Gesti\u00f3n Integral S.L.\",\"isPartOf\":{\"@id\":\"https:\/\/iplangestion.com\/#website\"},\"primaryImageOfPage\":{\"@id\":\"https:\/\/iplangestion.com\/ca\/donat-veu-a-la-dona-avui-dema-i-sempre\/#primaryimage\"},\"image\":{\"@id\":\"https:\/\/iplangestion.com\/ca\/donat-veu-a-la-dona-avui-dema-i-sempre\/#primaryimage\"},\"thumbnailUrl\":\"https:\/\/iplangestion.com\/wp-content\/uploads\/mujer-8m-cat.jpg\",\"datePublished\":\"2023-03-07T14:39:18+00:00\",\"dateModified\":\"2023-03-27T23:28:48+00:00\",\"author\":{\"@id\":\"https:\/\/iplangestion.com\/#\/schema\/person\/bea550dc88957d9acbc61e21493d3753\"},\"breadcrumb\":{\"@id\":\"https:\/\/iplangestion.com\/ca\/donat-veu-a-la-dona-avui-dema-i-sempre\/#breadcrumb\"},\"inLanguage\":\"ca\",\"potentialAction\":[{\"@type\":\"ReadAction\",\"target\":[\"https:\/\/iplangestion.com\/ca\/donat-veu-a-la-dona-avui-dema-i-sempre\/\"]}]},{\"@type\":\"ImageObject\",\"inLanguage\":\"ca\",\"@id\":\"https:\/\/iplangestion.com\/ca\/donat-veu-a-la-dona-avui-dema-i-sempre\/#primaryimage\",\"url\":\"https:\/\/iplangestion.com\/wp-content\/uploads\/mujer-8m-cat.jpg\",\"contentUrl\":\"https:\/\/iplangestion.com\/wp-content\/uploads\/mujer-8m-cat.jpg\",\"width\":1300,\"height\":709},{\"@type\":\"BreadcrumbList\",\"@id\":\"https:\/\/iplangestion.com\/ca\/donat-veu-a-la-dona-avui-dema-i-sempre\/#breadcrumb\",\"itemListElement\":[{\"@type\":\"ListItem\",\"position\":1,\"name\":\"Portada\",\"item\":\"https:\/\/iplangestion.com\/ca\/\"},{\"@type\":\"ListItem\",\"position\":2,\"name\":\"DONAT VEU A LA DONA AVUI, DEM\u00c0 I SEMPRE\"}]},{\"@type\":\"WebSite\",\"@id\":\"https:\/\/iplangestion.com\/#website\",\"url\":\"https:\/\/iplangestion.com\/\",\"name\":\"iPlan Gesti\u00f3n Integral S.L.\",\"description\":\"Gesti\u00f3n integral de proyectos\",\"potentialAction\":[{\"@type\":\"SearchAction\",\"target\":{\"@type\":\"EntryPoint\",\"urlTemplate\":\"https:\/\/iplangestion.com\/?s={search_term_string}\"},\"query-input\":{\"@type\":\"PropertyValueSpecification\",\"valueRequired\":true,\"valueName\":\"search_term_string\"}}],\"inLanguage\":\"ca\"},{\"@type\":\"Person\",\"@id\":\"https:\/\/iplangestion.com\/#\/schema\/person\/bea550dc88957d9acbc61e21493d3753\",\"name\":\"maria alejandra hoffmann\",\"image\":{\"@type\":\"ImageObject\",\"inLanguage\":\"ca\",\"@id\":\"https:\/\/iplangestion.com\/#\/schema\/person\/image\/\",\"url\":\"https:\/\/secure.gravatar.com\/avatar\/fe7ca75fdab9ffc47ac87de973990506fb1a4b5a9acf7788c4f8e7337a952cab?s=96&d=mm&r=g\",\"contentUrl\":\"https:\/\/secure.gravatar.com\/avatar\/fe7ca75fdab9ffc47ac87de973990506fb1a4b5a9acf7788c4f8e7337a952cab?s=96&d=mm&r=g\",\"caption\":\"maria alejandra hoffmann\"},\"url\":\"https:\/\/iplangestion.com\/ca\/author\/alehache\/\"}]}<\/script>\n<!-- \/ Yoast SEO plugin. -->","yoast_head_json":{"title":"DONAT VEU A LA DONA AVUI, DEM\u00c0 I SEMPRE - iPlan Gesti\u00f3n Integral S.L.","robots":{"index":"index","follow":"follow","max-snippet":"max-snippet:-1","max-image-preview":"max-image-preview:large","max-video-preview":"max-video-preview:-1"},"canonical":"https:\/\/iplangestion.com\/ca\/donat-veu-a-la-dona-avui-dema-i-sempre\/","og_locale":"ca_ES","og_type":"article","og_title":"DONAT VEU A LA DONA AVUI, DEM\u00c0 I SEMPRE - iPlan Gesti\u00f3n Integral S.L.","og_description":"El Dia Internacional de la Dona \u00e9s una oportunitat per a reflexionar sobre la lluita per la igualtat de g\u00e8nere.","og_url":"https:\/\/iplangestion.com\/ca\/donat-veu-a-la-dona-avui-dema-i-sempre\/","og_site_name":"iPlan Gesti\u00f3n Integral S.L.","article_published_time":"2023-03-07T14:39:18+00:00","article_modified_time":"2023-03-27T23:28:48+00:00","og_image":[{"width":1300,"height":709,"url":"https:\/\/iplangestion.com\/wp-content\/uploads\/mujer-8m-cat.jpg","type":"image\/jpeg"}],"author":"maria alejandra hoffmann","twitter_card":"summary_large_image","twitter_misc":{"Written by":"maria alejandra hoffmann","Est. reading time":"5 minutes"},"schema":{"@context":"https:\/\/schema.org","@graph":[{"@type":"Article","@id":"https:\/\/iplangestion.com\/ca\/donat-veu-a-la-dona-avui-dema-i-sempre\/#article","isPartOf":{"@id":"https:\/\/iplangestion.com\/ca\/donat-veu-a-la-dona-avui-dema-i-sempre\/"},"author":{"name":"maria alejandra hoffmann","@id":"https:\/\/iplangestion.com\/#\/schema\/person\/bea550dc88957d9acbc61e21493d3753"},"headline":"DONAT VEU A LA DONA AVUI, DEM\u00c0 I SEMPRE","datePublished":"2023-03-07T14:39:18+00:00","dateModified":"2023-03-27T23:28:48+00:00","mainEntityOfPage":{"@id":"https:\/\/iplangestion.com\/ca\/donat-veu-a-la-dona-avui-dema-i-sempre\/"},"wordCount":1000,"commentCount":0,"image":{"@id":"https:\/\/iplangestion.com\/ca\/donat-veu-a-la-dona-avui-dema-i-sempre\/#primaryimage"},"thumbnailUrl":"https:\/\/iplangestion.com\/wp-content\/uploads\/mujer-8m-cat.jpg","articleSection":["Premsa"],"inLanguage":"ca","potentialAction":[{"@type":"CommentAction","name":"Comment","target":["https:\/\/iplangestion.com\/ca\/donat-veu-a-la-dona-avui-dema-i-sempre\/#respond"]}]},{"@type":"WebPage","@id":"https:\/\/iplangestion.com\/ca\/donat-veu-a-la-dona-avui-dema-i-sempre\/","url":"https:\/\/iplangestion.com\/ca\/donat-veu-a-la-dona-avui-dema-i-sempre\/","name":"DONAT VEU A LA DONA AVUI, DEM\u00c0 I SEMPRE - iPlan Gesti\u00f3n Integral S.L.","isPartOf":{"@id":"https:\/\/iplangestion.com\/#website"},"primaryImageOfPage":{"@id":"https:\/\/iplangestion.com\/ca\/donat-veu-a-la-dona-avui-dema-i-sempre\/#primaryimage"},"image":{"@id":"https:\/\/iplangestion.com\/ca\/donat-veu-a-la-dona-avui-dema-i-sempre\/#primaryimage"},"thumbnailUrl":"https:\/\/iplangestion.com\/wp-content\/uploads\/mujer-8m-cat.jpg","datePublished":"2023-03-07T14:39:18+00:00","dateModified":"2023-03-27T23:28:48+00:00","author":{"@id":"https:\/\/iplangestion.com\/#\/schema\/person\/bea550dc88957d9acbc61e21493d3753"},"breadcrumb":{"@id":"https:\/\/iplangestion.com\/ca\/donat-veu-a-la-dona-avui-dema-i-sempre\/#breadcrumb"},"inLanguage":"ca","potentialAction":[{"@type":"ReadAction","target":["https:\/\/iplangestion.com\/ca\/donat-veu-a-la-dona-avui-dema-i-sempre\/"]}]},{"@type":"ImageObject","inLanguage":"ca","@id":"https:\/\/iplangestion.com\/ca\/donat-veu-a-la-dona-avui-dema-i-sempre\/#primaryimage","url":"https:\/\/iplangestion.com\/wp-content\/uploads\/mujer-8m-cat.jpg","contentUrl":"https:\/\/iplangestion.com\/wp-content\/uploads\/mujer-8m-cat.jpg","width":1300,"height":709},{"@type":"BreadcrumbList","@id":"https:\/\/iplangestion.com\/ca\/donat-veu-a-la-dona-avui-dema-i-sempre\/#breadcrumb","itemListElement":[{"@type":"ListItem","position":1,"name":"Portada","item":"https:\/\/iplangestion.com\/ca\/"},{"@type":"ListItem","position":2,"name":"DONAT VEU A LA DONA AVUI, DEM\u00c0 I SEMPRE"}]},{"@type":"WebSite","@id":"https:\/\/iplangestion.com\/#website","url":"https:\/\/iplangestion.com\/","name":"iPlan Gesti\u00f3n Integral S.L.","description":"Gesti\u00f3n integral de proyectos","potentialAction":[{"@type":"SearchAction","target":{"@type":"EntryPoint","urlTemplate":"https:\/\/iplangestion.com\/?s={search_term_string}"},"query-input":{"@type":"PropertyValueSpecification","valueRequired":true,"valueName":"search_term_string"}}],"inLanguage":"ca"},{"@type":"Person","@id":"https:\/\/iplangestion.com\/#\/schema\/person\/bea550dc88957d9acbc61e21493d3753","name":"maria alejandra hoffmann","image":{"@type":"ImageObject","inLanguage":"ca","@id":"https:\/\/iplangestion.com\/#\/schema\/person\/image\/","url":"https:\/\/secure.gravatar.com\/avatar\/fe7ca75fdab9ffc47ac87de973990506fb1a4b5a9acf7788c4f8e7337a952cab?s=96&d=mm&r=g","contentUrl":"https:\/\/secure.gravatar.com\/avatar\/fe7ca75fdab9ffc47ac87de973990506fb1a4b5a9acf7788c4f8e7337a952cab?s=96&d=mm&r=g","caption":"maria alejandra hoffmann"},"url":"https:\/\/iplangestion.com\/ca\/author\/alehache\/"}]}},"_links":{"self":[{"href":"https:\/\/iplangestion.com\/ca\/wp-json\/wp\/v2\/posts\/28307","targetHints":{"allow":["GET"]}}],"collection":[{"href":"https:\/\/iplangestion.com\/ca\/wp-json\/wp\/v2\/posts"}],"about":[{"href":"https:\/\/iplangestion.com\/ca\/wp-json\/wp\/v2\/types\/post"}],"author":[{"embeddable":true,"href":"https:\/\/iplangestion.com\/ca\/wp-json\/wp\/v2\/users\/232"}],"replies":[{"embeddable":true,"href":"https:\/\/iplangestion.com\/ca\/wp-json\/wp\/v2\/comments?post=28307"}],"version-history":[{"count":0,"href":"https:\/\/iplangestion.com\/ca\/wp-json\/wp\/v2\/posts\/28307\/revisions"}],"wp:featuredmedia":[{"embeddable":true,"href":"https:\/\/iplangestion.com\/ca\/wp-json\/wp\/v2\/media\/28397"}],"wp:attachment":[{"href":"https:\/\/iplangestion.com\/ca\/wp-json\/wp\/v2\/media?parent=28307"}],"wp:term":[{"taxonomy":"category","embeddable":true,"href":"https:\/\/iplangestion.com\/ca\/wp-json\/wp\/v2\/categories?post=28307"},{"taxonomy":"post_tag","embeddable":true,"href":"https:\/\/iplangestion.com\/ca\/wp-json\/wp\/v2\/tags?post=28307"}],"curies":[{"name":"wp","href":"https:\/\/api.w.org\/{rel}","templated":true}]}}