{"id":16995,"date":"2020-11-22T23:16:15","date_gmt":"2020-11-22T23:16:15","guid":{"rendered":"https:\/\/www.iplangestion.com\/noves-linies-electriques-aeries-subterranies-de-25-kv-unio-es-castellet-i-poligons-de-lpoet-il-albornal\/"},"modified":"2021-01-27T19:13:51","modified_gmt":"2021-01-27T19:13:51","slug":"noves-linies-electriques-aeries-subterranies-de-25-kv-unio-es-castellet-i-poligons-de-lpoet-il-albornal","status":"publish","type":"post","link":"https:\/\/iplangestion.com\/ca\/noves-linies-electriques-aeries-subterranies-de-25-kv-unio-es-castellet-i-poligons-de-lpoet-il-albornal\/","title":{"rendered":"NOVES L\u00cdNIES EL\u00c8CTRIQUES A\u00c8RIES \/ SUBTERR\u00c0NIES DE 25 KV UNI\u00d3 ES CASTELLET I POL\u00cdGONS DE L&#8217;POET IL &#8216;ALBORNAL"},"content":{"rendered":"\n<p>El projecte afecta a un total de 40 propietaris i 4 municipis pertanyents a dues prov\u00edncies Tarragona i Barcelona.<\/p>\n\n\n\n<p><\/p>\n","protected":false},"excerpt":{"rendered":"<p>El projecte afecta a un total de 40 propietaris i 4 municipis pertanyents a dues prov&iacute;ncies Tarragona i Barcelona.<\/p>\n","protected":false},"author":232,"featured_media":16593,"comment_status":"open","ping_status":"open","sticky":false,"template":"","format":"standard","meta":{"footnotes":""},"categories":[206,210],"tags":[],"class_list":["post-16995","post","type-post","status-publish","format-standard","has-post-thumbnail","hentry","category-enginyeria-i-legalitzacions","category-procediment-dexpropiacio"],"yoast_head":"<!-- This site is optimized with the Yoast SEO plugin v26.8 - https:\/\/yoast.com\/product\/yoast-seo-wordpress\/ -->\n<title>NOVES L\u00cdNIES EL\u00c8CTRIQUES A\u00c8RIES \/ SUBTERR\u00c0NIES DE 25 KV UNI\u00d3 ES CASTELLET I POL\u00cdGONS DE L&#039;POET IL &#039;ALBORNAL - iPlan Gesti\u00f3n Integral S.L.<\/title>\n<meta name=\"robots\" content=\"index, follow, max-snippet:-1, max-image-preview:large, max-video-preview:-1\" \/>\n<link rel=\"canonical\" href=\"https:\/\/iplangestion.com\/ca\/noves-linies-electriques-aeries-subterranies-de-25-kv-unio-es-castellet-i-poligons-de-lpoet-il-albornal\/\" \/>\n<meta property=\"og:locale\" content=\"ca_ES\" \/>\n<meta property=\"og:type\" content=\"article\" \/>\n<meta property=\"og:title\" content=\"NOVES L\u00cdNIES EL\u00c8CTRIQUES A\u00c8RIES \/ SUBTERR\u00c0NIES DE 25 KV UNI\u00d3 ES CASTELLET I POL\u00cdGONS DE L&#039;POET IL &#039;ALBORNAL - iPlan Gesti\u00f3n Integral S.L.\" \/>\n<meta property=\"og:description\" content=\"El projecte afecta a un total de 40 propietaris i 4 municipis pertanyents a dues prov&iacute;ncies Tarragona i Barcelona.\" \/>\n<meta property=\"og:url\" content=\"https:\/\/iplangestion.com\/ca\/noves-linies-electriques-aeries-subterranies-de-25-kv-unio-es-castellet-i-poligons-de-lpoet-il-albornal\/\" \/>\n<meta property=\"og:site_name\" content=\"iPlan Gesti\u00f3n Integral S.L.\" \/>\n<meta property=\"article:published_time\" content=\"2020-11-22T23:16:15+00:00\" \/>\n<meta property=\"article:modified_time\" content=\"2021-01-27T19:13:51+00:00\" \/>\n<meta property=\"og:image\" content=\"https:\/\/iplangestion.com\/wp-content\/uploads\/union-se-castellet-i-poligonos-del-poet-i-lalbornal.jpg\" \/>\n\t<meta property=\"og:image:width\" content=\"1920\" \/>\n\t<meta property=\"og:image:height\" content=\"1080\" \/>\n\t<meta property=\"og:image:type\" content=\"image\/jpeg\" \/>\n<meta name=\"author\" content=\"maria alejandra hoffmann\" \/>\n<meta name=\"twitter:card\" content=\"summary_large_image\" \/>\n<meta name=\"twitter:label1\" content=\"Written by\" \/>\n\t<meta name=\"twitter:data1\" content=\"maria alejandra hoffmann\" \/>\n<script type=\"application\/ld+json\" class=\"yoast-schema-graph\">{\"@context\":\"https:\/\/schema.org\",\"@graph\":[{\"@type\":\"Article\",\"@id\":\"https:\/\/iplangestion.com\/ca\/noves-linies-electriques-aeries-subterranies-de-25-kv-unio-es-castellet-i-poligons-de-lpoet-il-albornal\/#article\",\"isPartOf\":{\"@id\":\"https:\/\/iplangestion.com\/ca\/noves-linies-electriques-aeries-subterranies-de-25-kv-unio-es-castellet-i-poligons-de-lpoet-il-albornal\/\"},\"author\":{\"name\":\"maria alejandra hoffmann\",\"@id\":\"https:\/\/iplangestion.com\/#\/schema\/person\/bea550dc88957d9acbc61e21493d3753\"},\"headline\":\"NOVES L\u00cdNIES EL\u00c8CTRIQUES A\u00c8RIES \/ SUBTERR\u00c0NIES DE 25 KV UNI\u00d3 ES CASTELLET I POL\u00cdGONS DE L&#8217;POET IL &#8216;ALBORNAL\",\"datePublished\":\"2020-11-22T23:16:15+00:00\",\"dateModified\":\"2021-01-27T19:13:51+00:00\",\"mainEntityOfPage\":{\"@id\":\"https:\/\/iplangestion.com\/ca\/noves-linies-electriques-aeries-subterranies-de-25-kv-unio-es-castellet-i-poligons-de-lpoet-il-albornal\/\"},\"wordCount\":39,\"commentCount\":0,\"image\":{\"@id\":\"https:\/\/iplangestion.com\/ca\/noves-linies-electriques-aeries-subterranies-de-25-kv-unio-es-castellet-i-poligons-de-lpoet-il-albornal\/#primaryimage\"},\"thumbnailUrl\":\"https:\/\/iplangestion.com\/wp-content\/uploads\/union-se-castellet-i-poligonos-del-poet-i-lalbornal.jpg\",\"articleSection\":[\"Enginyeria i Legalitzacions\",\"PROCEDIMENT D'EXPROPIACI\u00d3\"],\"inLanguage\":\"ca\",\"potentialAction\":[{\"@type\":\"CommentAction\",\"name\":\"Comment\",\"target\":[\"https:\/\/iplangestion.com\/ca\/noves-linies-electriques-aeries-subterranies-de-25-kv-unio-es-castellet-i-poligons-de-lpoet-il-albornal\/#respond\"]}]},{\"@type\":\"WebPage\",\"@id\":\"https:\/\/iplangestion.com\/ca\/noves-linies-electriques-aeries-subterranies-de-25-kv-unio-es-castellet-i-poligons-de-lpoet-il-albornal\/\",\"url\":\"https:\/\/iplangestion.com\/ca\/noves-linies-electriques-aeries-subterranies-de-25-kv-unio-es-castellet-i-poligons-de-lpoet-il-albornal\/\",\"name\":\"NOVES L\u00cdNIES EL\u00c8CTRIQUES A\u00c8RIES \/ SUBTERR\u00c0NIES DE 25 KV UNI\u00d3 ES CASTELLET I POL\u00cdGONS DE L'POET IL 'ALBORNAL - iPlan Gesti\u00f3n Integral S.L.\",\"isPartOf\":{\"@id\":\"https:\/\/iplangestion.com\/#website\"},\"primaryImageOfPage\":{\"@id\":\"https:\/\/iplangestion.com\/ca\/noves-linies-electriques-aeries-subterranies-de-25-kv-unio-es-castellet-i-poligons-de-lpoet-il-albornal\/#primaryimage\"},\"image\":{\"@id\":\"https:\/\/iplangestion.com\/ca\/noves-linies-electriques-aeries-subterranies-de-25-kv-unio-es-castellet-i-poligons-de-lpoet-il-albornal\/#primaryimage\"},\"thumbnailUrl\":\"https:\/\/iplangestion.com\/wp-content\/uploads\/union-se-castellet-i-poligonos-del-poet-i-lalbornal.jpg\",\"datePublished\":\"2020-11-22T23:16:15+00:00\",\"dateModified\":\"2021-01-27T19:13:51+00:00\",\"author\":{\"@id\":\"https:\/\/iplangestion.com\/#\/schema\/person\/bea550dc88957d9acbc61e21493d3753\"},\"breadcrumb\":{\"@id\":\"https:\/\/iplangestion.com\/ca\/noves-linies-electriques-aeries-subterranies-de-25-kv-unio-es-castellet-i-poligons-de-lpoet-il-albornal\/#breadcrumb\"},\"inLanguage\":\"ca\",\"potentialAction\":[{\"@type\":\"ReadAction\",\"target\":[\"https:\/\/iplangestion.com\/ca\/noves-linies-electriques-aeries-subterranies-de-25-kv-unio-es-castellet-i-poligons-de-lpoet-il-albornal\/\"]}]},{\"@type\":\"ImageObject\",\"inLanguage\":\"ca\",\"@id\":\"https:\/\/iplangestion.com\/ca\/noves-linies-electriques-aeries-subterranies-de-25-kv-unio-es-castellet-i-poligons-de-lpoet-il-albornal\/#primaryimage\",\"url\":\"https:\/\/iplangestion.com\/wp-content\/uploads\/union-se-castellet-i-poligonos-del-poet-i-lalbornal.jpg\",\"contentUrl\":\"https:\/\/iplangestion.com\/wp-content\/uploads\/union-se-castellet-i-poligonos-del-poet-i-lalbornal.jpg\",\"width\":1920,\"height\":1080},{\"@type\":\"BreadcrumbList\",\"@id\":\"https:\/\/iplangestion.com\/ca\/noves-linies-electriques-aeries-subterranies-de-25-kv-unio-es-castellet-i-poligons-de-lpoet-il-albornal\/#breadcrumb\",\"itemListElement\":[{\"@type\":\"ListItem\",\"position\":1,\"name\":\"Portada\",\"item\":\"https:\/\/iplangestion.com\/ca\/\"},{\"@type\":\"ListItem\",\"position\":2,\"name\":\"NOVES L\u00cdNIES EL\u00c8CTRIQUES A\u00c8RIES \/ SUBTERR\u00c0NIES DE 25 KV UNI\u00d3 ES CASTELLET I POL\u00cdGONS DE L&#8217;POET IL &#8216;ALBORNAL\"}]},{\"@type\":\"WebSite\",\"@id\":\"https:\/\/iplangestion.com\/#website\",\"url\":\"https:\/\/iplangestion.com\/\",\"name\":\"iPlan Gesti\u00f3n Integral S.L.\",\"description\":\"Gesti\u00f3n integral de proyectos\",\"potentialAction\":[{\"@type\":\"SearchAction\",\"target\":{\"@type\":\"EntryPoint\",\"urlTemplate\":\"https:\/\/iplangestion.com\/?s={search_term_string}\"},\"query-input\":{\"@type\":\"PropertyValueSpecification\",\"valueRequired\":true,\"valueName\":\"search_term_string\"}}],\"inLanguage\":\"ca\"},{\"@type\":\"Person\",\"@id\":\"https:\/\/iplangestion.com\/#\/schema\/person\/bea550dc88957d9acbc61e21493d3753\",\"name\":\"maria alejandra hoffmann\",\"image\":{\"@type\":\"ImageObject\",\"inLanguage\":\"ca\",\"@id\":\"https:\/\/iplangestion.com\/#\/schema\/person\/image\/\",\"url\":\"https:\/\/secure.gravatar.com\/avatar\/fe7ca75fdab9ffc47ac87de973990506fb1a4b5a9acf7788c4f8e7337a952cab?s=96&d=mm&r=g\",\"contentUrl\":\"https:\/\/secure.gravatar.com\/avatar\/fe7ca75fdab9ffc47ac87de973990506fb1a4b5a9acf7788c4f8e7337a952cab?s=96&d=mm&r=g\",\"caption\":\"maria alejandra hoffmann\"},\"url\":\"https:\/\/iplangestion.com\/ca\/author\/alehache\/\"}]}<\/script>\n<!-- \/ Yoast SEO plugin. -->","yoast_head_json":{"title":"NOVES L\u00cdNIES EL\u00c8CTRIQUES A\u00c8RIES \/ SUBTERR\u00c0NIES DE 25 KV UNI\u00d3 ES CASTELLET I POL\u00cdGONS DE L'POET IL 'ALBORNAL - iPlan Gesti\u00f3n Integral S.L.","robots":{"index":"index","follow":"follow","max-snippet":"max-snippet:-1","max-image-preview":"max-image-preview:large","max-video-preview":"max-video-preview:-1"},"canonical":"https:\/\/iplangestion.com\/ca\/noves-linies-electriques-aeries-subterranies-de-25-kv-unio-es-castellet-i-poligons-de-lpoet-il-albornal\/","og_locale":"ca_ES","og_type":"article","og_title":"NOVES L\u00cdNIES EL\u00c8CTRIQUES A\u00c8RIES \/ SUBTERR\u00c0NIES DE 25 KV UNI\u00d3 ES CASTELLET I POL\u00cdGONS DE L'POET IL 'ALBORNAL - iPlan Gesti\u00f3n Integral S.L.","og_description":"El projecte afecta a un total de 40 propietaris i 4 municipis pertanyents a dues prov&iacute;ncies Tarragona i Barcelona.","og_url":"https:\/\/iplangestion.com\/ca\/noves-linies-electriques-aeries-subterranies-de-25-kv-unio-es-castellet-i-poligons-de-lpoet-il-albornal\/","og_site_name":"iPlan Gesti\u00f3n Integral S.L.","article_published_time":"2020-11-22T23:16:15+00:00","article_modified_time":"2021-01-27T19:13:51+00:00","og_image":[{"width":1920,"height":1080,"url":"https:\/\/iplangestion.com\/wp-content\/uploads\/union-se-castellet-i-poligonos-del-poet-i-lalbornal.jpg","type":"image\/jpeg"}],"author":"maria alejandra hoffmann","twitter_card":"summary_large_image","twitter_misc":{"Written by":"maria alejandra hoffmann"},"schema":{"@context":"https:\/\/schema.org","@graph":[{"@type":"Article","@id":"https:\/\/iplangestion.com\/ca\/noves-linies-electriques-aeries-subterranies-de-25-kv-unio-es-castellet-i-poligons-de-lpoet-il-albornal\/#article","isPartOf":{"@id":"https:\/\/iplangestion.com\/ca\/noves-linies-electriques-aeries-subterranies-de-25-kv-unio-es-castellet-i-poligons-de-lpoet-il-albornal\/"},"author":{"name":"maria alejandra hoffmann","@id":"https:\/\/iplangestion.com\/#\/schema\/person\/bea550dc88957d9acbc61e21493d3753"},"headline":"NOVES L\u00cdNIES EL\u00c8CTRIQUES A\u00c8RIES \/ SUBTERR\u00c0NIES DE 25 KV UNI\u00d3 ES CASTELLET I POL\u00cdGONS DE L&#8217;POET IL &#8216;ALBORNAL","datePublished":"2020-11-22T23:16:15+00:00","dateModified":"2021-01-27T19:13:51+00:00","mainEntityOfPage":{"@id":"https:\/\/iplangestion.com\/ca\/noves-linies-electriques-aeries-subterranies-de-25-kv-unio-es-castellet-i-poligons-de-lpoet-il-albornal\/"},"wordCount":39,"commentCount":0,"image":{"@id":"https:\/\/iplangestion.com\/ca\/noves-linies-electriques-aeries-subterranies-de-25-kv-unio-es-castellet-i-poligons-de-lpoet-il-albornal\/#primaryimage"},"thumbnailUrl":"https:\/\/iplangestion.com\/wp-content\/uploads\/union-se-castellet-i-poligonos-del-poet-i-lalbornal.jpg","articleSection":["Enginyeria i Legalitzacions","PROCEDIMENT D'EXPROPIACI\u00d3"],"inLanguage":"ca","potentialAction":[{"@type":"CommentAction","name":"Comment","target":["https:\/\/iplangestion.com\/ca\/noves-linies-electriques-aeries-subterranies-de-25-kv-unio-es-castellet-i-poligons-de-lpoet-il-albornal\/#respond"]}]},{"@type":"WebPage","@id":"https:\/\/iplangestion.com\/ca\/noves-linies-electriques-aeries-subterranies-de-25-kv-unio-es-castellet-i-poligons-de-lpoet-il-albornal\/","url":"https:\/\/iplangestion.com\/ca\/noves-linies-electriques-aeries-subterranies-de-25-kv-unio-es-castellet-i-poligons-de-lpoet-il-albornal\/","name":"NOVES L\u00cdNIES EL\u00c8CTRIQUES A\u00c8RIES \/ SUBTERR\u00c0NIES DE 25 KV UNI\u00d3 ES CASTELLET I POL\u00cdGONS DE L'POET IL 'ALBORNAL - iPlan Gesti\u00f3n Integral S.L.","isPartOf":{"@id":"https:\/\/iplangestion.com\/#website"},"primaryImageOfPage":{"@id":"https:\/\/iplangestion.com\/ca\/noves-linies-electriques-aeries-subterranies-de-25-kv-unio-es-castellet-i-poligons-de-lpoet-il-albornal\/#primaryimage"},"image":{"@id":"https:\/\/iplangestion.com\/ca\/noves-linies-electriques-aeries-subterranies-de-25-kv-unio-es-castellet-i-poligons-de-lpoet-il-albornal\/#primaryimage"},"thumbnailUrl":"https:\/\/iplangestion.com\/wp-content\/uploads\/union-se-castellet-i-poligonos-del-poet-i-lalbornal.jpg","datePublished":"2020-11-22T23:16:15+00:00","dateModified":"2021-01-27T19:13:51+00:00","author":{"@id":"https:\/\/iplangestion.com\/#\/schema\/person\/bea550dc88957d9acbc61e21493d3753"},"breadcrumb":{"@id":"https:\/\/iplangestion.com\/ca\/noves-linies-electriques-aeries-subterranies-de-25-kv-unio-es-castellet-i-poligons-de-lpoet-il-albornal\/#breadcrumb"},"inLanguage":"ca","potentialAction":[{"@type":"ReadAction","target":["https:\/\/iplangestion.com\/ca\/noves-linies-electriques-aeries-subterranies-de-25-kv-unio-es-castellet-i-poligons-de-lpoet-il-albornal\/"]}]},{"@type":"ImageObject","inLanguage":"ca","@id":"https:\/\/iplangestion.com\/ca\/noves-linies-electriques-aeries-subterranies-de-25-kv-unio-es-castellet-i-poligons-de-lpoet-il-albornal\/#primaryimage","url":"https:\/\/iplangestion.com\/wp-content\/uploads\/union-se-castellet-i-poligonos-del-poet-i-lalbornal.jpg","contentUrl":"https:\/\/iplangestion.com\/wp-content\/uploads\/union-se-castellet-i-poligonos-del-poet-i-lalbornal.jpg","width":1920,"height":1080},{"@type":"BreadcrumbList","@id":"https:\/\/iplangestion.com\/ca\/noves-linies-electriques-aeries-subterranies-de-25-kv-unio-es-castellet-i-poligons-de-lpoet-il-albornal\/#breadcrumb","itemListElement":[{"@type":"ListItem","position":1,"name":"Portada","item":"https:\/\/iplangestion.com\/ca\/"},{"@type":"ListItem","position":2,"name":"NOVES L\u00cdNIES EL\u00c8CTRIQUES A\u00c8RIES \/ SUBTERR\u00c0NIES DE 25 KV UNI\u00d3 ES CASTELLET I POL\u00cdGONS DE L&#8217;POET IL &#8216;ALBORNAL"}]},{"@type":"WebSite","@id":"https:\/\/iplangestion.com\/#website","url":"https:\/\/iplangestion.com\/","name":"iPlan Gesti\u00f3n Integral S.L.","description":"Gesti\u00f3n integral de proyectos","potentialAction":[{"@type":"SearchAction","target":{"@type":"EntryPoint","urlTemplate":"https:\/\/iplangestion.com\/?s={search_term_string}"},"query-input":{"@type":"PropertyValueSpecification","valueRequired":true,"valueName":"search_term_string"}}],"inLanguage":"ca"},{"@type":"Person","@id":"https:\/\/iplangestion.com\/#\/schema\/person\/bea550dc88957d9acbc61e21493d3753","name":"maria alejandra hoffmann","image":{"@type":"ImageObject","inLanguage":"ca","@id":"https:\/\/iplangestion.com\/#\/schema\/person\/image\/","url":"https:\/\/secure.gravatar.com\/avatar\/fe7ca75fdab9ffc47ac87de973990506fb1a4b5a9acf7788c4f8e7337a952cab?s=96&d=mm&r=g","contentUrl":"https:\/\/secure.gravatar.com\/avatar\/fe7ca75fdab9ffc47ac87de973990506fb1a4b5a9acf7788c4f8e7337a952cab?s=96&d=mm&r=g","caption":"maria alejandra hoffmann"},"url":"https:\/\/iplangestion.com\/ca\/author\/alehache\/"}]}},"_links":{"self":[{"href":"https:\/\/iplangestion.com\/ca\/wp-json\/wp\/v2\/posts\/16995","targetHints":{"allow":["GET"]}}],"collection":[{"href":"https:\/\/iplangestion.com\/ca\/wp-json\/wp\/v2\/posts"}],"about":[{"href":"https:\/\/iplangestion.com\/ca\/wp-json\/wp\/v2\/types\/post"}],"author":[{"embeddable":true,"href":"https:\/\/iplangestion.com\/ca\/wp-json\/wp\/v2\/users\/232"}],"replies":[{"embeddable":true,"href":"https:\/\/iplangestion.com\/ca\/wp-json\/wp\/v2\/comments?post=16995"}],"version-history":[{"count":0,"href":"https:\/\/iplangestion.com\/ca\/wp-json\/wp\/v2\/posts\/16995\/revisions"}],"wp:featuredmedia":[{"embeddable":true,"href":"https:\/\/iplangestion.com\/ca\/wp-json\/wp\/v2\/media\/16593"}],"wp:attachment":[{"href":"https:\/\/iplangestion.com\/ca\/wp-json\/wp\/v2\/media?parent=16995"}],"wp:term":[{"taxonomy":"category","embeddable":true,"href":"https:\/\/iplangestion.com\/ca\/wp-json\/wp\/v2\/categories?post=16995"},{"taxonomy":"post_tag","embeddable":true,"href":"https:\/\/iplangestion.com\/ca\/wp-json\/wp\/v2\/tags?post=16995"}],"curies":[{"name":"wp","href":"https:\/\/api.w.org\/{rel}","templated":true}]}}